{"id":2168,"date":"2023-07-02T16:04:50","date_gmt":"2023-07-02T14:04:50","guid":{"rendered":"https:\/\/murailles.ch\/stand-degustation-olma\/"},"modified":"2023-09-26T08:52:55","modified_gmt":"2023-09-26T06:52:55","slug":"stand-degustation-olma","status":"publish","type":"post","link":"https:\/\/murailles.ch\/de\/actualites-evenements\/stand-degustation-olma\/","title":{"rendered":"Degustationsstand an der OLMA in St. Gallen"},"content":{"rendered":"\n\n<section class=\"gut-block gut-texte  bg-color-none\" >\n    <div class=\"wrap\">\n        <div class=\"block-texte wysiwyg-content\">\n            <h3>Praktische Informationen<\/h3>\n<p>Vom 12. bis 22. Oktober 2023<br \/>\nSt-Galllen<\/p>\n<p>Stand Henri Badoux<br \/>\n4.04.04<\/p>\n<h3>Sonderangebote w\u00e4hrend der Messe<\/h3>\n<p>Unsere Weinspezialisten an unserem Stand stehen Ihnen f\u00fcr Weinproben und Ihre Bestellungen zur Verf\u00fcgung.<\/p>\n<ul>\n<li>Sonderpreis auf Murailles-Kartons<\/li>\n<li>10% auf alle Weine Henri Badoux<\/li>\n<\/ul>\n        <\/div>\n    <\/div>\n<\/section>\n\n\n\n<section class=\"gut-block gut-produits bg-color-none\" >\n    <div class=\"wrap\">\n                    <div class=\"block-header\">\n                                    <h2 class=\"block-title title-h2\">\n                        Entedecken Sie alle Weine Murailles                    <\/h2>\n                \n                            <\/div>\n                \n        <div class=\"container\">\n                            \n\n<article class=\"preview-vin post-2168 post type-post status-publish format-standard has-post-thumbnail hentry category-veranstaltungen\">\n\t\t\t<a href=\"https:\/\/murailles.ch\/nos-vins\/vin-murailles-rouge-henri-badoux\/\" class=\"preview-img\">\n\t\t\t<img decoding=\"async\" width=\"321\" height=\"674\" src=\"https:\/\/murailles.ch\/wp-content\/uploads\/2023\/07\/packshot-Murailles-Rouge-321x674-2.png\" class=\"attachment-large size-large\" alt=\"\" srcset=\"https:\/\/murailles.ch\/wp-content\/uploads\/2023\/07\/packshot-Murailles-Rouge-321x674-2.png 321w, https:\/\/murailles.ch\/wp-content\/uploads\/2023\/07\/packshot-Murailles-Rouge-321x674-2-143x300.png 143w\" sizes=\"(max-width: 321px) 100vw, 321px\" \/>\t\t<\/a>\n\t\n\t<div class=\"preview-content\">\n\t\t<h3 class=\"preview-title title-h4\"><a href=\"https:\/\/murailles.ch\/nos-vins\/vin-murailles-rouge-henri-badoux\/\">Murailles Rouge<\/a><\/h3>\n\n\t\t\t\t\t<p class=\"preview-category\">Vin rouge<\/p>\n\t\t\n\t\t<div class=\"preview-cta\">\n\t\t\t<a href=\"https:\/\/murailles.ch\/nos-vins\/vin-murailles-rouge-henri-badoux\/\" class=\"link\">Entdecken<\/a>\n\t\t<\/div>\n\t<\/div>\n<\/article>\n                            \n\n<article class=\"preview-vin post-2168 post type-post status-publish format-standard has-post-thumbnail hentry category-veranstaltungen\">\n\t\t\t<a href=\"https:\/\/murailles.ch\/nos-vins\/vin-aigle-murailles-blanc\/\" class=\"preview-img\">\n\t\t\t<img decoding=\"async\" width=\"321\" height=\"764\" src=\"https:\/\/murailles.ch\/wp-content\/uploads\/2023\/06\/bouteille-1.png\" class=\"attachment-large size-large\" alt=\"Bouteille de vin blanc Aigle les Murailles de la Maison Henri Badoux \u00e0 Aigle\" srcset=\"https:\/\/murailles.ch\/wp-content\/uploads\/2023\/06\/bouteille-1.png 321w, https:\/\/murailles.ch\/wp-content\/uploads\/2023\/06\/bouteille-1-126x300.png 126w\" sizes=\"(max-width: 321px) 100vw, 321px\" \/>\t\t<\/a>\n\t\n\t<div class=\"preview-content\">\n\t\t<h3 class=\"preview-title title-h4\"><a href=\"https:\/\/murailles.ch\/nos-vins\/vin-aigle-murailles-blanc\/\">Aigle les Murailles<\/a><\/h3>\n\n\t\t\t\t\t<p class=\"preview-category\">Vin blanc<\/p>\n\t\t\n\t\t<div class=\"preview-cta\">\n\t\t\t<a href=\"https:\/\/murailles.ch\/nos-vins\/vin-aigle-murailles-blanc\/\" class=\"link\">Entdecken<\/a>\n\t\t<\/div>\n\t<\/div>\n<\/article>\n                            \n\n<article class=\"preview-vin post-2168 post type-post status-publish format-standard has-post-thumbnail hentry category-veranstaltungen\">\n\t\n\t<div class=\"preview-content\">\n\t\t<h3 class=\"preview-title title-h4\"><a href=\"https:\/\/murailles.ch\/nos-vins\/vin-murailles-rose\/\">Murailles Ros\u00e9<\/a><\/h3>\n\n\t\t\t\t\t<p class=\"preview-category\">Vin ros\u00e9<\/p>\n\t\t\n\t\t<div class=\"preview-cta\">\n\t\t\t<a href=\"https:\/\/murailles.ch\/nos-vins\/vin-murailles-rose\/\" class=\"link\">Entdecken<\/a>\n\t\t<\/div>\n\t<\/div>\n<\/article>\n                            \n\n<article class=\"preview-vin post-2168 post type-post status-publish format-standard has-post-thumbnail hentry category-veranstaltungen\">\n\t\t\t<a href=\"https:\/\/murailles.ch\/nos-vins\/vin-murailles-brut\/\" class=\"preview-img\">\n\t\t\t<img decoding=\"async\" width=\"283\" height=\"846\" src=\"https:\/\/murailles.ch\/wp-content\/uploads\/2023\/07\/Vin-Murailles-Brut-Henri-Badoux-Aigle-Suisse.png\" class=\"attachment-large size-large\" alt=\"Bouteille de vin mousseux suisse, Murailles Brut, de la Maison Henri Badoux \u00e0 Aigle.\" srcset=\"https:\/\/murailles.ch\/wp-content\/uploads\/2023\/07\/Vin-Murailles-Brut-Henri-Badoux-Aigle-Suisse.png 283w, https:\/\/murailles.ch\/wp-content\/uploads\/2023\/07\/Vin-Murailles-Brut-Henri-Badoux-Aigle-Suisse-100x300.png 100w\" sizes=\"(max-width: 283px) 100vw, 283px\" \/>\t\t<\/a>\n\t\n\t<div class=\"preview-content\">\n\t\t<h3 class=\"preview-title title-h4\"><a href=\"https:\/\/murailles.ch\/nos-vins\/vin-murailles-brut\/\">Murailles Brut<\/a><\/h3>\n\n\t\t\t\t\t<p class=\"preview-category\">Vin mousseux<\/p>\n\t\t\n\t\t<div class=\"preview-cta\">\n\t\t\t<a href=\"https:\/\/murailles.ch\/nos-vins\/vin-murailles-brut\/\" class=\"link\">Entdecken<\/a>\n\t\t<\/div>\n\t<\/div>\n<\/article>\n                            \n\n<article class=\"preview-vin post-2168 post type-post status-publish format-standard has-post-thumbnail hentry category-veranstaltungen\">\n\t\t\t<a href=\"https:\/\/murailles.ch\/nos-vins\/vin-murailles-brut-rose\/\" class=\"preview-img\">\n\t\t\t<img decoding=\"async\" width=\"283\" height=\"846\" src=\"https:\/\/murailles.ch\/wp-content\/uploads\/2023\/07\/Vin-Murailles-Rose-Brut-Henri-Badoux-Aigle-Suisse.png\" class=\"attachment-large size-large\" alt=\"Bouteille de vin mousseux suisse Murailles Ros\u00e9 Brut, de la Maison Henri Badoux \u00e0 Aigle.\" srcset=\"https:\/\/murailles.ch\/wp-content\/uploads\/2023\/07\/Vin-Murailles-Rose-Brut-Henri-Badoux-Aigle-Suisse.png 283w, https:\/\/murailles.ch\/wp-content\/uploads\/2023\/07\/Vin-Murailles-Rose-Brut-Henri-Badoux-Aigle-Suisse-100x300.png 100w\" sizes=\"(max-width: 283px) 100vw, 283px\" \/>\t\t<\/a>\n\t\n\t<div class=\"preview-content\">\n\t\t<h3 class=\"preview-title title-h4\"><a href=\"https:\/\/murailles.ch\/nos-vins\/vin-murailles-brut-rose\/\">Murailles Brut Ros\u00e9<\/a><\/h3>\n\n\t\t\t\t\t<p class=\"preview-category\">Vin mousseux<\/p>\n\t\t\n\t\t<div class=\"preview-cta\">\n\t\t\t<a href=\"https:\/\/murailles.ch\/nos-vins\/vin-murailles-brut-rose\/\" class=\"link\">Entdecken<\/a>\n\t\t<\/div>\n\t<\/div>\n<\/article>\n                    <\/div>\n    <\/div>\n<\/section>\n\n\n\n<section class=\"gut-block gut-actualites bg-color-none\" >\n    <div class=\"wrap\">\n                    <h2 class=\"block-title title-h2\">\n                Finden Sie unsere news            <\/h2>\n        \n        <div class=\"posts-list\">\n                        \n                \n\n<article class=\"preview-post post-2173 post type-post status-publish format-standard has-post-thumbnail hentry category-neuheiten\">\n\t<a href=\"https:\/\/murailles.ch\/de\/actualites-evenements\/cuvee-exclusive-murailles-murmure\/\" class=\"preview-img\">\n\t\t<img decoding=\"async\" width=\"420\" height=\"300\" src=\"https:\/\/murailles.ch\/wp-content\/uploads\/2023\/07\/vin-exlcusif-murailles-murmure-henri-badoux-aigle.jpg\" class=\"attachment-large size-large\" alt=\"Bouteille exclusive du vin Murmure, la p\u00e9pite de la marque Murailles, de la Maison Henri Badoux.\" srcset=\"https:\/\/murailles.ch\/wp-content\/uploads\/2023\/07\/vin-exlcusif-murailles-murmure-henri-badoux-aigle.jpg 420w, https:\/\/murailles.ch\/wp-content\/uploads\/2023\/07\/vin-exlcusif-murailles-murmure-henri-badoux-aigle-300x214.jpg 300w\" sizes=\"(max-width: 420px) 100vw, 420px\" \/>\t<\/a>\n\n\t\t\n\t<h3 class=\"preview-title\"><a href=\"https:\/\/murailles.ch\/de\/actualites-evenements\/cuvee-exclusive-murailles-murmure\/\">Vin exclusif : Murailles Murmure<\/a><\/h3>\n\n\t\n\t<div class=\"preview-cta\">\n\t\t<a href=\"https:\/\/murailles.ch\/de\/actualites-evenements\/cuvee-exclusive-murailles-murmure\/\" class=\"btn btn-small btn-stroke\">Artikel lesen<\/a>\n\t<\/div>\n<\/article>\n\n\n<article class=\"preview-post post-3363 post type-post status-publish format-standard has-post-thumbnail hentry category-news\">\n\t<a href=\"https:\/\/murailles.ch\/de\/actualites-evenements\/wie-man-muraille-rose-degustiert\/\" class=\"preview-img\">\n\t\t<img decoding=\"async\" width=\"420\" height=\"300\" src=\"https:\/\/murailles.ch\/wp-content\/uploads\/2024\/03\/vin-rose-murailles-badoux-aigle.jpg\" class=\"attachment-large size-large\" alt=\"Vin Murailles Ros\u00e9 de la Maison Henri Badoux \u00e0 Aigle.\" srcset=\"https:\/\/murailles.ch\/wp-content\/uploads\/2024\/03\/vin-rose-murailles-badoux-aigle.jpg 420w, https:\/\/murailles.ch\/wp-content\/uploads\/2024\/03\/vin-rose-murailles-badoux-aigle-300x214.jpg 300w\" sizes=\"(max-width: 420px) 100vw, 420px\" \/>\t<\/a>\n\n\t\t\n\t<h3 class=\"preview-title\"><a href=\"https:\/\/murailles.ch\/de\/actualites-evenements\/wie-man-muraille-rose-degustiert\/\">Ros\u00e9 Frisch und fruchtig, haben Sie schon den Murailles Ros\u00e9 probiert?<\/a><\/h3>\n\n\t\n\t<div class=\"preview-cta\">\n\t\t<a href=\"https:\/\/murailles.ch\/de\/actualites-evenements\/wie-man-muraille-rose-degustiert\/\" class=\"btn btn-small btn-stroke\">Artikel lesen<\/a>\n\t<\/div>\n<\/article>\n\n\n<article class=\"preview-post post-3172 post type-post status-publish format-standard has-post-thumbnail hentry category-leben-im-keller\">\n\t<a href=\"https:\/\/murailles.ch\/de\/actualites-evenements\/winter-arbeiten\/\" class=\"preview-img\">\n\t\t<img decoding=\"async\" width=\"640\" height=\"427\" src=\"https:\/\/murailles.ch\/wp-content\/uploads\/2024\/01\/vin-murailles-travaux-hiver-vigne.png\" class=\"attachment-large size-large\" alt=\"Travaux d&#039;hiver au coeur du vignoble des Murailles \u00e0 Aigle.\" srcset=\"https:\/\/murailles.ch\/wp-content\/uploads\/2024\/01\/vin-murailles-travaux-hiver-vigne.png 920w, https:\/\/murailles.ch\/wp-content\/uploads\/2024\/01\/vin-murailles-travaux-hiver-vigne-300x200.png 300w, https:\/\/murailles.ch\/wp-content\/uploads\/2024\/01\/vin-murailles-travaux-hiver-vigne-768x513.png 768w\" sizes=\"(max-width: 640px) 100vw, 640px\" \/>\t<\/a>\n\n\t\t\n\t<h3 class=\"preview-title\"><a href=\"https:\/\/murailles.ch\/de\/actualites-evenements\/winter-arbeiten\/\">Welche Arbeiten fallen im Winter im Weinberg und im Keller an?<\/a><\/h3>\n\n\t\n\t<div class=\"preview-cta\">\n\t\t<a href=\"https:\/\/murailles.ch\/de\/actualites-evenements\/winter-arbeiten\/\" class=\"btn btn-small btn-stroke\">Artikel lesen<\/a>\n\t<\/div>\n<\/article>\n\n\n<article class=\"preview-post post-3233 post type-post status-publish format-standard has-post-thumbnail hentry category-news\">\n\t<a href=\"https:\/\/murailles.ch\/de\/actualites-evenements\/geschichte-des-etiketts-von-aigle-les-murailles\/\" class=\"preview-img\">\n\t\t<img decoding=\"async\" width=\"640\" height=\"507\" src=\"https:\/\/murailles.ch\/wp-content\/uploads\/2023\/09\/Etiquette-vin-murailles-blanc-henri-badoux-e1695634834516.jpg\" class=\"attachment-large size-large\" alt=\"etiquette vin bouteille aigle les muraille chablais aoc\" srcset=\"https:\/\/murailles.ch\/wp-content\/uploads\/2023\/09\/Etiquette-vin-murailles-blanc-henri-badoux-e1695634834516.jpg 757w, https:\/\/murailles.ch\/wp-content\/uploads\/2023\/09\/Etiquette-vin-murailles-blanc-henri-badoux-e1695634834516-300x238.jpg 300w\" sizes=\"(max-width: 640px) 100vw, 640px\" \/>\t<\/a>\n\n\t\t\n\t<h3 class=\"preview-title\"><a href=\"https:\/\/murailles.ch\/de\/actualites-evenements\/geschichte-des-etiketts-von-aigle-les-murailles\/\">Kennen Sie die Geschichte des Etiketts von Aigle les Murailles?<\/a><\/h3>\n\n\t\n\t<div class=\"preview-cta\">\n\t\t<a href=\"https:\/\/murailles.ch\/de\/actualites-evenements\/geschichte-des-etiketts-von-aigle-les-murailles\/\" class=\"btn btn-small btn-stroke\">Artikel lesen<\/a>\n\t<\/div>\n<\/article>\n\n                    <\/div>\n\n            <\/div>\n<\/section>","protected":false},"excerpt":{"rendered":"","protected":false},"author":1,"featured_media":2273,"comment_status":"closed","ping_status":"closed","sticky":false,"template":"","format":"standard","meta":{"_acf_changed":false,"inline_featured_image":false,"footnotes":""},"categories":[33],"tags":[],"acf":[],"yoast_head":"<!-- This site is optimized with the Yoast SEO plugin v24.5 - https:\/\/yoast.com\/wordpress\/plugins\/seo\/ -->\n<title>Foire d&#039;automne - OLMA \u00e0 St-Gall - Stand de d\u00e9gustation de vin<\/title>\n<meta name=\"description\" content=\"D\u00e9gustez les vins Murailles de la Maison Henri Badoux, \u00e0 la foire OLMA de St-Gall. Conseils de d\u00e9gustation, propositions d&#039;accords mets-vins, nos sp\u00e9cialistes en vin sont \u00e0 votre \u00e9coute.\" \/>\n<meta name=\"robots\" content=\"index, follow, max-snippet:-1, max-image-preview:large, max-video-preview:-1\" \/>\n<link rel=\"canonical\" href=\"https:\/\/murailles.ch\/de\/actualites-evenements\/stand-degustation-olma\/\" \/>\n<meta property=\"og:locale\" content=\"de_DE\" \/>\n<meta property=\"og:type\" content=\"article\" \/>\n<meta property=\"og:title\" content=\"Foire d&#039;automne - OLMA \u00e0 St-Gall - Stand de d\u00e9gustation de vin\" \/>\n<meta property=\"og:description\" content=\"D\u00e9gustez les vins Murailles de la Maison Henri Badoux, \u00e0 la foire OLMA de St-Gall. Conseils de d\u00e9gustation, propositions d&#039;accords mets-vins, nos sp\u00e9cialistes en vin sont \u00e0 votre \u00e9coute.\" \/>\n<meta property=\"og:url\" content=\"https:\/\/murailles.ch\/de\/actualites-evenements\/stand-degustation-olma\/\" \/>\n<meta property=\"og:site_name\" content=\"Murailles\" \/>\n<meta property=\"article:published_time\" content=\"2023-07-02T14:04:50+00:00\" \/>\n<meta property=\"article:modified_time\" content=\"2023-09-26T06:52:55+00:00\" \/>\n<meta property=\"og:image\" content=\"https:\/\/murailles.ch\/wp-content\/uploads\/2023\/07\/foire-evenement-degustation-henri-badoux-vin-aigle.jpg\" \/>\n\t<meta property=\"og:image:width\" content=\"800\" \/>\n\t<meta property=\"og:image:height\" content=\"600\" \/>\n\t<meta property=\"og:image:type\" content=\"image\/jpeg\" \/>\n<meta name=\"author\" content=\"Admin\" \/>\n<meta name=\"twitter:card\" content=\"summary_large_image\" \/>\n<meta name=\"twitter:label1\" content=\"Verfasst von\" \/>\n\t<meta name=\"twitter:data1\" content=\"Admin\" \/>\n<script type=\"application\/ld+json\" class=\"yoast-schema-graph\">{\"@context\":\"https:\/\/schema.org\",\"@graph\":[{\"@type\":\"Article\",\"@id\":\"https:\/\/murailles.ch\/de\/actualites-evenements\/stand-degustation-olma\/#article\",\"isPartOf\":{\"@id\":\"https:\/\/murailles.ch\/de\/actualites-evenements\/stand-degustation-olma\/\"},\"author\":{\"name\":\"Admin\",\"@id\":\"https:\/\/murailles.ch\/de\/#\/schema\/person\/91522094ec614fd42e922e4f84076c5f\"},\"headline\":\"Degustationsstand an der OLMA in St. Gallen\",\"datePublished\":\"2023-07-02T14:04:50+00:00\",\"dateModified\":\"2023-09-26T06:52:55+00:00\",\"mainEntityOfPage\":{\"@id\":\"https:\/\/murailles.ch\/de\/actualites-evenements\/stand-degustation-olma\/\"},\"wordCount\":7,\"publisher\":{\"@id\":\"https:\/\/murailles.ch\/de\/#organization\"},\"image\":{\"@id\":\"https:\/\/murailles.ch\/de\/actualites-evenements\/stand-degustation-olma\/#primaryimage\"},\"thumbnailUrl\":\"https:\/\/murailles.ch\/wp-content\/uploads\/2023\/07\/foire-evenement-degustation-henri-badoux-vin-aigle.jpg\",\"articleSection\":[\"Veranstaltungen\"],\"inLanguage\":\"de\"},{\"@type\":\"WebPage\",\"@id\":\"https:\/\/murailles.ch\/de\/actualites-evenements\/stand-degustation-olma\/\",\"url\":\"https:\/\/murailles.ch\/de\/actualites-evenements\/stand-degustation-olma\/\",\"name\":\"Foire d'automne - OLMA \u00e0 St-Gall - Stand de d\u00e9gustation de vin\",\"isPartOf\":{\"@id\":\"https:\/\/murailles.ch\/de\/#website\"},\"primaryImageOfPage\":{\"@id\":\"https:\/\/murailles.ch\/de\/actualites-evenements\/stand-degustation-olma\/#primaryimage\"},\"image\":{\"@id\":\"https:\/\/murailles.ch\/de\/actualites-evenements\/stand-degustation-olma\/#primaryimage\"},\"thumbnailUrl\":\"https:\/\/murailles.ch\/wp-content\/uploads\/2023\/07\/foire-evenement-degustation-henri-badoux-vin-aigle.jpg\",\"datePublished\":\"2023-07-02T14:04:50+00:00\",\"dateModified\":\"2023-09-26T06:52:55+00:00\",\"description\":\"D\u00e9gustez les vins Murailles de la Maison Henri Badoux, \u00e0 la foire OLMA de St-Gall. Conseils de d\u00e9gustation, propositions d'accords mets-vins, nos sp\u00e9cialistes en vin sont \u00e0 votre \u00e9coute.\",\"breadcrumb\":{\"@id\":\"https:\/\/murailles.ch\/de\/actualites-evenements\/stand-degustation-olma\/#breadcrumb\"},\"inLanguage\":\"de\",\"potentialAction\":[{\"@type\":\"ReadAction\",\"target\":[\"https:\/\/murailles.ch\/de\/actualites-evenements\/stand-degustation-olma\/\"]}]},{\"@type\":\"ImageObject\",\"inLanguage\":\"de\",\"@id\":\"https:\/\/murailles.ch\/de\/actualites-evenements\/stand-degustation-olma\/#primaryimage\",\"url\":\"https:\/\/murailles.ch\/wp-content\/uploads\/2023\/07\/foire-evenement-degustation-henri-badoux-vin-aigle.jpg\",\"contentUrl\":\"https:\/\/murailles.ch\/wp-content\/uploads\/2023\/07\/foire-evenement-degustation-henri-badoux-vin-aigle.jpg\",\"width\":800,\"height\":600,\"caption\":\"D\u00e9gustation de vin entre amis\"},{\"@type\":\"BreadcrumbList\",\"@id\":\"https:\/\/murailles.ch\/de\/actualites-evenements\/stand-degustation-olma\/#breadcrumb\",\"itemListElement\":[{\"@type\":\"ListItem\",\"position\":1,\"name\":\"Accueil\",\"item\":\"https:\/\/murailles.ch\/de\/\"},{\"@type\":\"ListItem\",\"position\":2,\"name\":\"Degustationsstand an der OLMA in St. Gallen\"}]},{\"@type\":\"WebSite\",\"@id\":\"https:\/\/murailles.ch\/de\/#website\",\"url\":\"https:\/\/murailles.ch\/de\/\",\"name\":\"Murailles\",\"description\":\"\",\"publisher\":{\"@id\":\"https:\/\/murailles.ch\/de\/#organization\"},\"potentialAction\":[{\"@type\":\"SearchAction\",\"target\":{\"@type\":\"EntryPoint\",\"urlTemplate\":\"https:\/\/murailles.ch\/de\/?s={search_term_string}\"},\"query-input\":{\"@type\":\"PropertyValueSpecification\",\"valueRequired\":true,\"valueName\":\"search_term_string\"}}],\"inLanguage\":\"de\"},{\"@type\":\"Organization\",\"@id\":\"https:\/\/murailles.ch\/de\/#organization\",\"name\":\"Murailles\",\"url\":\"https:\/\/murailles.ch\/de\/\",\"logo\":{\"@type\":\"ImageObject\",\"inLanguage\":\"de\",\"@id\":\"https:\/\/murailles.ch\/de\/#\/schema\/logo\/image\/\",\"url\":\"https:\/\/murailles.ch\/wp-content\/uploads\/2023\/06\/logo-murailles.svg\",\"contentUrl\":\"https:\/\/murailles.ch\/wp-content\/uploads\/2023\/06\/logo-murailles.svg\",\"width\":119,\"height\":40,\"caption\":\"Murailles\"},\"image\":{\"@id\":\"https:\/\/murailles.ch\/de\/#\/schema\/logo\/image\/\"}},{\"@type\":\"Person\",\"@id\":\"https:\/\/murailles.ch\/de\/#\/schema\/person\/91522094ec614fd42e922e4f84076c5f\",\"name\":\"Admin\",\"sameAs\":[\"https:\/\/murailles.ch\"]}]}<\/script>\n<!-- \/ Yoast SEO plugin. -->","yoast_head_json":{"title":"Foire d'automne - OLMA \u00e0 St-Gall - Stand de d\u00e9gustation de vin","description":"D\u00e9gustez les vins Murailles de la Maison Henri Badoux, \u00e0 la foire OLMA de St-Gall. Conseils de d\u00e9gustation, propositions d'accords mets-vins, nos sp\u00e9cialistes en vin sont \u00e0 votre \u00e9coute.","robots":{"index":"index","follow":"follow","max-snippet":"max-snippet:-1","max-image-preview":"max-image-preview:large","max-video-preview":"max-video-preview:-1"},"canonical":"https:\/\/murailles.ch\/de\/actualites-evenements\/stand-degustation-olma\/","og_locale":"de_DE","og_type":"article","og_title":"Foire d'automne - OLMA \u00e0 St-Gall - Stand de d\u00e9gustation de vin","og_description":"D\u00e9gustez les vins Murailles de la Maison Henri Badoux, \u00e0 la foire OLMA de St-Gall. Conseils de d\u00e9gustation, propositions d'accords mets-vins, nos sp\u00e9cialistes en vin sont \u00e0 votre \u00e9coute.","og_url":"https:\/\/murailles.ch\/de\/actualites-evenements\/stand-degustation-olma\/","og_site_name":"Murailles","article_published_time":"2023-07-02T14:04:50+00:00","article_modified_time":"2023-09-26T06:52:55+00:00","og_image":[{"width":800,"height":600,"url":"https:\/\/murailles.ch\/wp-content\/uploads\/2023\/07\/foire-evenement-degustation-henri-badoux-vin-aigle.jpg","type":"image\/jpeg"}],"author":"Admin","twitter_card":"summary_large_image","twitter_misc":{"Verfasst von":"Admin"},"schema":{"@context":"https:\/\/schema.org","@graph":[{"@type":"Article","@id":"https:\/\/murailles.ch\/de\/actualites-evenements\/stand-degustation-olma\/#article","isPartOf":{"@id":"https:\/\/murailles.ch\/de\/actualites-evenements\/stand-degustation-olma\/"},"author":{"name":"Admin","@id":"https:\/\/murailles.ch\/de\/#\/schema\/person\/91522094ec614fd42e922e4f84076c5f"},"headline":"Degustationsstand an der OLMA in St. Gallen","datePublished":"2023-07-02T14:04:50+00:00","dateModified":"2023-09-26T06:52:55+00:00","mainEntityOfPage":{"@id":"https:\/\/murailles.ch\/de\/actualites-evenements\/stand-degustation-olma\/"},"wordCount":7,"publisher":{"@id":"https:\/\/murailles.ch\/de\/#organization"},"image":{"@id":"https:\/\/murailles.ch\/de\/actualites-evenements\/stand-degustation-olma\/#primaryimage"},"thumbnailUrl":"https:\/\/murailles.ch\/wp-content\/uploads\/2023\/07\/foire-evenement-degustation-henri-badoux-vin-aigle.jpg","articleSection":["Veranstaltungen"],"inLanguage":"de"},{"@type":"WebPage","@id":"https:\/\/murailles.ch\/de\/actualites-evenements\/stand-degustation-olma\/","url":"https:\/\/murailles.ch\/de\/actualites-evenements\/stand-degustation-olma\/","name":"Foire d'automne - OLMA \u00e0 St-Gall - Stand de d\u00e9gustation de vin","isPartOf":{"@id":"https:\/\/murailles.ch\/de\/#website"},"primaryImageOfPage":{"@id":"https:\/\/murailles.ch\/de\/actualites-evenements\/stand-degustation-olma\/#primaryimage"},"image":{"@id":"https:\/\/murailles.ch\/de\/actualites-evenements\/stand-degustation-olma\/#primaryimage"},"thumbnailUrl":"https:\/\/murailles.ch\/wp-content\/uploads\/2023\/07\/foire-evenement-degustation-henri-badoux-vin-aigle.jpg","datePublished":"2023-07-02T14:04:50+00:00","dateModified":"2023-09-26T06:52:55+00:00","description":"D\u00e9gustez les vins Murailles de la Maison Henri Badoux, \u00e0 la foire OLMA de St-Gall. Conseils de d\u00e9gustation, propositions d'accords mets-vins, nos sp\u00e9cialistes en vin sont \u00e0 votre \u00e9coute.","breadcrumb":{"@id":"https:\/\/murailles.ch\/de\/actualites-evenements\/stand-degustation-olma\/#breadcrumb"},"inLanguage":"de","potentialAction":[{"@type":"ReadAction","target":["https:\/\/murailles.ch\/de\/actualites-evenements\/stand-degustation-olma\/"]}]},{"@type":"ImageObject","inLanguage":"de","@id":"https:\/\/murailles.ch\/de\/actualites-evenements\/stand-degustation-olma\/#primaryimage","url":"https:\/\/murailles.ch\/wp-content\/uploads\/2023\/07\/foire-evenement-degustation-henri-badoux-vin-aigle.jpg","contentUrl":"https:\/\/murailles.ch\/wp-content\/uploads\/2023\/07\/foire-evenement-degustation-henri-badoux-vin-aigle.jpg","width":800,"height":600,"caption":"D\u00e9gustation de vin entre amis"},{"@type":"BreadcrumbList","@id":"https:\/\/murailles.ch\/de\/actualites-evenements\/stand-degustation-olma\/#breadcrumb","itemListElement":[{"@type":"ListItem","position":1,"name":"Accueil","item":"https:\/\/murailles.ch\/de\/"},{"@type":"ListItem","position":2,"name":"Degustationsstand an der OLMA in St. Gallen"}]},{"@type":"WebSite","@id":"https:\/\/murailles.ch\/de\/#website","url":"https:\/\/murailles.ch\/de\/","name":"Murailles","description":"","publisher":{"@id":"https:\/\/murailles.ch\/de\/#organization"},"potentialAction":[{"@type":"SearchAction","target":{"@type":"EntryPoint","urlTemplate":"https:\/\/murailles.ch\/de\/?s={search_term_string}"},"query-input":{"@type":"PropertyValueSpecification","valueRequired":true,"valueName":"search_term_string"}}],"inLanguage":"de"},{"@type":"Organization","@id":"https:\/\/murailles.ch\/de\/#organization","name":"Murailles","url":"https:\/\/murailles.ch\/de\/","logo":{"@type":"ImageObject","inLanguage":"de","@id":"https:\/\/murailles.ch\/de\/#\/schema\/logo\/image\/","url":"https:\/\/murailles.ch\/wp-content\/uploads\/2023\/06\/logo-murailles.svg","contentUrl":"https:\/\/murailles.ch\/wp-content\/uploads\/2023\/06\/logo-murailles.svg","width":119,"height":40,"caption":"Murailles"},"image":{"@id":"https:\/\/murailles.ch\/de\/#\/schema\/logo\/image\/"}},{"@type":"Person","@id":"https:\/\/murailles.ch\/de\/#\/schema\/person\/91522094ec614fd42e922e4f84076c5f","name":"Admin","sameAs":["https:\/\/murailles.ch"]}]}},"_links":{"self":[{"href":"https:\/\/murailles.ch\/de\/wp-json\/wp\/v2\/posts\/2168"}],"collection":[{"href":"https:\/\/murailles.ch\/de\/wp-json\/wp\/v2\/posts"}],"about":[{"href":"https:\/\/murailles.ch\/de\/wp-json\/wp\/v2\/types\/post"}],"author":[{"embeddable":true,"href":"https:\/\/murailles.ch\/de\/wp-json\/wp\/v2\/users\/1"}],"replies":[{"embeddable":true,"href":"https:\/\/murailles.ch\/de\/wp-json\/wp\/v2\/comments?post=2168"}],"version-history":[{"count":5,"href":"https:\/\/murailles.ch\/de\/wp-json\/wp\/v2\/posts\/2168\/revisions"}],"predecessor-version":[{"id":2551,"href":"https:\/\/murailles.ch\/de\/wp-json\/wp\/v2\/posts\/2168\/revisions\/2551"}],"wp:featuredmedia":[{"embeddable":true,"href":"https:\/\/murailles.ch\/de\/wp-json\/wp\/v2\/media\/2273"}],"wp:attachment":[{"href":"https:\/\/murailles.ch\/de\/wp-json\/wp\/v2\/media?parent=2168"}],"wp:term":[{"taxonomy":"category","embeddable":true,"href":"https:\/\/murailles.ch\/de\/wp-json\/wp\/v2\/categories?post=2168"},{"taxonomy":"post_tag","embeddable":true,"href":"https:\/\/murailles.ch\/de\/wp-json\/wp\/v2\/tags?post=2168"}],"curies":[{"name":"wp","href":"https:\/\/api.w.org\/{rel}","templated":true}]}}